{"id":3465,"date":"2012-07-30T20:15:25","date_gmt":"2012-07-30T17:15:25","guid":{"rendered":"http:\/\/vegetarisch-rezept.de\/?p=3465"},"modified":"2012-07-30T21:21:41","modified_gmt":"2012-07-30T18:21:41","slug":"panzanella","status":"publish","type":"post","link":"https:\/\/vegetarisch-rezept.de\/panzanella\/","title":{"rendered":"Panzanella &#8211; Toskanischer Brotsalat"},"content":{"rendered":"<p>Panzanella ist ein toskanischer Brotsalat.<\/p>\n<p>Wie die meisten superleckeren italienischen Rezepte entstand auch dieses urspr\u00fcnglich aus Resten.<\/p>\n<p>In dem Fall aus Brot vom Vortag (oder von vor zwei\/drei Tagen).<br \/>\n(Es geht nat\u00fcrlich auch mit frischem Brot, wird aber mit &#8222;altem&#8220; viel aromatischer.)<\/p>\n<p>Einfach das Brot in W\u00fcrfel schneiden und in eine gro\u00dfe Salatsch\u00fcssel geben.<br \/>\n(Um die Bilder zu vergr\u00f6\u00dfern, einfach auf's Bild klicken)<\/p>\n<p><a href=\"https:\/\/vegetarisch-rezept.de\/wp-content\/uploads\/2012\/07\/Brotwuerfel.jpg\"><img loading=\"lazy\" decoding=\"async\" src=\"https:\/\/vegetarisch-rezept.de\/wp-content\/uploads\/2012\/07\/Brotwuerfel-300x225.jpg\" alt=\"\" title=\"Brotwuerfel\" width=\"300\" height=\"225\" class=\"aligncenter size-medium wp-image-3765\" srcset=\"https:\/\/vegetarisch-rezept.de\/wp-content\/uploads\/2012\/07\/Brotwuerfel-300x225.jpg 300w, https:\/\/vegetarisch-rezept.de\/wp-content\/uploads\/2012\/07\/Brotwuerfel.jpg 1000w\" sizes=\"auto, (max-width: 300px) 100vw, 300px\" \/><\/a><\/p>\n<p>Dann die Tomaten w\u00fcrfeln und zum Brot geben &#8230;<\/p>\n<p><a href=\"https:\/\/vegetarisch-rezept.de\/wp-content\/uploads\/2012\/07\/Tomatenwuerfel.jpg\"><img loading=\"lazy\" decoding=\"async\" src=\"https:\/\/vegetarisch-rezept.de\/wp-content\/uploads\/2012\/07\/Tomatenwuerfel-300x225.jpg\" alt=\"\" title=\"Tomatenwuerfel\" width=\"300\" height=\"225\" class=\"aligncenter size-medium wp-image-3766\" srcset=\"https:\/\/vegetarisch-rezept.de\/wp-content\/uploads\/2012\/07\/Tomatenwuerfel-300x225.jpg 300w, https:\/\/vegetarisch-rezept.de\/wp-content\/uploads\/2012\/07\/Tomatenwuerfel.jpg 1000w\" sizes=\"auto, (max-width: 300px) 100vw, 300px\" \/><\/a><\/p>\n<p>Die Lauchzwiebeln in Ringe schneiden und auch ab damit in die Salatsch\u00fcssel &#8230;<\/p>\n<p><a href=\"https:\/\/vegetarisch-rezept.de\/wp-content\/uploads\/2012\/07\/lauchzwiebelringe.jpg\"><img loading=\"lazy\" decoding=\"async\" src=\"https:\/\/vegetarisch-rezept.de\/wp-content\/uploads\/2012\/07\/lauchzwiebelringe-300x225.jpg\" alt=\"\" title=\"lauchzwiebelringe\" width=\"300\" height=\"225\" class=\"aligncenter size-medium wp-image-3767\" srcset=\"https:\/\/vegetarisch-rezept.de\/wp-content\/uploads\/2012\/07\/lauchzwiebelringe-300x225.jpg 300w, https:\/\/vegetarisch-rezept.de\/wp-content\/uploads\/2012\/07\/lauchzwiebelringe.jpg 1000w\" sizes=\"auto, (max-width: 300px) 100vw, 300px\" \/><\/a><\/p>\n<p>Jetzt nur noch die Petersilie so klein schneiden wie du sie magst und auch zum Rest in die Sch\u00fcssel geben.<br \/>\n(Wenn Du statt Petersilie Basilikum verwendest, dann zupfe ihn in den Salat. Denn er wird schnell bitter, wenn er mit dem Messer geschnitten wird.)<\/p>\n<p><a href=\"https:\/\/vegetarisch-rezept.de\/wp-content\/uploads\/2012\/07\/petersilie.jpg\"><img loading=\"lazy\" decoding=\"async\" src=\"https:\/\/vegetarisch-rezept.de\/wp-content\/uploads\/2012\/07\/petersilie-300x225.jpg\" alt=\"\" title=\"petersilie\" width=\"300\" height=\"225\" class=\"aligncenter size-medium wp-image-3768\" srcset=\"https:\/\/vegetarisch-rezept.de\/wp-content\/uploads\/2012\/07\/petersilie-300x225.jpg 300w, https:\/\/vegetarisch-rezept.de\/wp-content\/uploads\/2012\/07\/petersilie.jpg 1000w\" sizes=\"auto, (max-width: 300px) 100vw, 300px\" \/><\/a><\/p>\n<p>Nun kommt Oliven\u00f6l, Wasser, Zitronensaft, Salz und Pfeffer dazu und alles wird gut durchger\u00fchrt &#8230; immer wieder abgeschmeckt &#8230; und evtl. nachgew\u00fcrzt. <\/p>\n<p>Anschlie\u00dfend f\u00fcr ca. 3 &#8211; 4 Stunden ab mit dem Panzanella in den K\u00fchlschrank und eiskalt servieren.<\/p>\n<p>Guten Appetit! :-)<\/p>\n<p><a href=\"https:\/\/vegetarisch-rezept.de\/wp-content\/uploads\/2012\/07\/toskanischer-brotsalat.jpg\"><img loading=\"lazy\" decoding=\"async\" src=\"https:\/\/vegetarisch-rezept.de\/wp-content\/uploads\/2012\/07\/toskanischer-brotsalat-300x225.jpg\" alt=\"\" title=\"toskanischer-brotsalat\" width=\"300\" height=\"225\" class=\"aligncenter size-medium wp-image-3780\" srcset=\"https:\/\/vegetarisch-rezept.de\/wp-content\/uploads\/2012\/07\/toskanischer-brotsalat-300x225.jpg 300w, https:\/\/vegetarisch-rezept.de\/wp-content\/uploads\/2012\/07\/toskanischer-brotsalat.jpg 1000w\" sizes=\"auto, (max-width: 300px) 100vw, 300px\" \/><\/a><\/p>\n","protected":false},"excerpt":{"rendered":"<p>Panzanella ist ein toskanischer Brotsalat. Wie die meisten superleckeren italienischen Rezepte entstand auch dieses urspr\u00fcnglich aus Resten. In dem Fall aus Brot vom Vortag (oder von vor zwei\/drei Tagen). (Es geht nat\u00fcrlich auch mit frischem Brot, wird aber mit &#8222;altem&#8220; viel aromatischer.) Einfach das Brot in W\u00fcrfel schneiden und in eine gro\u00dfe Salatsch\u00fcssel geben. (Um &#8230; <a title=\"Panzanella &#8211; Toskanischer Brotsalat\" class=\"read-more\" href=\"https:\/\/vegetarisch-rezept.de\/panzanella\/\" aria-label=\"Mehr Informationen \u00fcber Panzanella &#8211; Toskanischer Brotsalat\">Weiterlesen &#8230;<\/a><\/p>\n","protected":false},"author":1,"featured_media":0,"comment_status":"open","ping_status":"open","sticky":false,"template":"","format":"standard","meta":{"wprm-recipe-roundup-name":"","wprm-recipe-roundup-description":"","footnotes":""},"categories":[18,420,4],"tags":[721,355,722,37],"class_list":["post-3465","post","type-post","status-publish","format-standard","hentry","category-rezepte","category-salat-rezepte","category-vegetarischgrillen","tag-panzanella","tag-rezept-mit-bild","tag-toskanischer-brotsalat-rezept","tag-vegan"],"_links":{"self":[{"href":"https:\/\/vegetarisch-rezept.de\/wp-json\/wp\/v2\/posts\/3465","targetHints":{"allow":["GET"]}}],"collection":[{"href":"https:\/\/vegetarisch-rezept.de\/wp-json\/wp\/v2\/posts"}],"about":[{"href":"https:\/\/vegetarisch-rezept.de\/wp-json\/wp\/v2\/types\/post"}],"author":[{"embeddable":true,"href":"https:\/\/vegetarisch-rezept.de\/wp-json\/wp\/v2\/users\/1"}],"replies":[{"embeddable":true,"href":"https:\/\/vegetarisch-rezept.de\/wp-json\/wp\/v2\/comments?post=3465"}],"version-history":[{"count":24,"href":"https:\/\/vegetarisch-rezept.de\/wp-json\/wp\/v2\/posts\/3465\/revisions"}],"predecessor-version":[{"id":3790,"href":"https:\/\/vegetarisch-rezept.de\/wp-json\/wp\/v2\/posts\/3465\/revisions\/3790"}],"wp:attachment":[{"href":"https:\/\/vegetarisch-rezept.de\/wp-json\/wp\/v2\/media?parent=3465"}],"wp:term":[{"taxonomy":"category","embeddable":true,"href":"https:\/\/vegetarisch-rezept.de\/wp-json\/wp\/v2\/categories?post=3465"},{"taxonomy":"post_tag","embeddable":true,"href":"https:\/\/vegetarisch-rezept.de\/wp-json\/wp\/v2\/tags?post=3465"}],"curies":[{"name":"wp","href":"https:\/\/api.w.org\/{rel}","templated":true}]}}